{"id":1302,"date":"2019-11-27T11:03:52","date_gmt":"2019-11-27T11:03:52","guid":{"rendered":"http:\/\/huerther-bruecke.de\/?p=1302"},"modified":"2026-04-21T11:16:19","modified_gmt":"2026-04-21T11:16:19","slug":"kooperationen","status":"publish","type":"post","link":"https:\/\/huerther-bruecke.de\/?p=1302","title":{"rendered":"Kooperationen"},"content":{"rendered":"\n<p>\nOhne Kooperationen mit namhaften Tr\u00e4gern k\u00f6nnten wir unser\nEngagement nicht bewerkstelligen. Deshalb danken wir ganz herzlich\nden folgenden Institutionen:<\/p>\n\n\n\n<ul class=\"wp-block-list\">\n<li><strong><a href=\"http:\/\/www.huerth.de\/vv\/oe\/dezernat3\/Amt_53.php\" target=\"_blank\" rel=\"noreferrer noopener\">Amt f\u00fcr Integration, Inklusion und Fl\u00fcchtlingshilfe der Stadt H\u00fcrth<\/a><\/strong><\/li>\n\n\n\n<li><a href=\"http:\/\/bildung.erzbistum-koeln.de\/bw-rhein-erft-kreis\"><strong>Katholisches Bildungsforum Rhein-Erft<\/strong><\/a>, mit dem wir Kurse anbieten<\/li>\n\n\n\n<li><strong><a aria-label=\"Aktion Neue Nachbarn des Erzbistums K\u00f6ln (\u00f6ffnet in neuem Tab)\" href=\"https:\/\/aktion-neue-nachbarn.de\/\" target=\"_blank\" rel=\"noreferrer noopener\">Aktion Neue Nachbarn des Erzbistums K\u00f6ln<\/a><\/strong>, f\u00fcr die Finanzierung unserer beiden Frauengruppen<\/li>\n\n\n\n<li><a href=\"http:\/\/www.huerth.de\/kultur\/musikschule\/musikschule.php\" target=\"_blank\" rel=\"noreferrer noopener\"><strong>Josef Metternich Musikschule H\u00fcrth<\/strong><\/a>, die uns bei Bedarf R\u00e4umlichkeiten f\u00fcr Deutschkurse zur Verf\u00fcgung stellt.<\/li>\n\n\n\n<li><a href=\"https:\/\/www.huerth.de\/vv\/oe\/dezernat3\/Amt_51.php\" target=\"_blank\" rel=\"noreferrer noopener\"><strong>Jugendamt der Stadt H\u00fcrth<\/strong><\/a> (Jugendhilfeplanung)<\/li>\n\n\n\n<li><strong>Familienb\u00fcros H\u00fcrth<\/strong><\/li>\n\n\n\n<li><a href=\"https:\/\/www.erzbistum-koeln.de\/\" target=\"_blank\" rel=\"noreferrer noopener\"><strong>Erzbistum K\u00f6ln<\/strong><\/a><\/li>\n\n\n\n<li><strong>Katholische Kirchengemeinde H\u00fcrth<\/strong><\/li>\n\n\n\n<li><strong>Netzwerk &#8222;Fr\u00fche Hilfen Stadt H\u00fcrth<\/strong><\/li>\n\n\n\n<li><strong>Moon-School &#8211; Nachhilfeschule<\/strong><\/li>\n<\/ul>\n\n\n\n<p> Mitglied sind wir im<\/p>\n\n\n\n<ul class=\"wp-block-list\">\n<li><a href=\"https:\/\/www.rhein-erft-kreis.de\/familie-bildung-kultu\"><a href=\"https:\/\/www.rhein-erft-kreis.de\/familie-bildung-kultur\/bildung\/kommunales-integrationszentrum\" target=\"_blank\" rel=\"noreferrer noopener\"><strong>Kommunales Integrationszentrum Rhein-Erft-Kreis<\/strong><\/a><\/a><\/li>\n<\/ul>\n\n\n\n<figure class=\"wp-block-image size-full\"><img loading=\"lazy\" decoding=\"async\" width=\"200\" height=\"65\" src=\"https:\/\/huerther-bruecke.de\/wp-content\/uploads\/2025\/06\/Logo-Komm-Integration-e1748861398940.jpg\" alt=\"\" class=\"wp-image-2873\"\/><\/figure>\n\n\n\n<ul class=\"wp-block-list\">\n<li><a href=\"http:\/\/www.paritaet-nrw.org\/\"><strong>Parit\u00e4tischen Wohlfahrtsverband NRW<\/strong><\/a><\/li>\n<\/ul>\n\n\n\n<figure class=\"wp-block-image is-resized\"><img loading=\"lazy\" decoding=\"async\" width=\"280\" height=\"65\" src=\"https:\/\/huerther-bruecke.de\/wp-content\/uploads\/2019\/11\/logo-der-paritaetische.jpg\" alt=\"\" class=\"wp-image-1310\" style=\"width:208px;height:48px\"\/><\/figure>\n","protected":false},"excerpt":{"rendered":"<p>Ohne Kooperationen mit namhaften Tr\u00e4gern k\u00f6nnten wir unser Engagement nicht bewerkstelligen. Deshalb danken wir ganz herzlich den folgenden Institutionen: Mitglied <a class=\"more-link\" href=\"https:\/\/huerther-bruecke.de\/?p=1302\">Continue Reading<\/a><\/p>\n","protected":false},"author":1,"featured_media":0,"comment_status":"closed","ping_status":"open","sticky":false,"template":"","format":"standard","meta":{"footnotes":""},"categories":[1],"tags":[],"class_list":["post-1302","post","type-post","status-publish","format-standard","hentry","category-uncategorized","no-post-thumbnail","no-read-more-tag","no-sticky","entry"],"_links":{"self":[{"href":"https:\/\/huerther-bruecke.de\/index.php?rest_route=\/wp\/v2\/posts\/1302","targetHints":{"allow":["GET"]}}],"collection":[{"href":"https:\/\/huerther-bruecke.de\/index.php?rest_route=\/wp\/v2\/posts"}],"about":[{"href":"https:\/\/huerther-bruecke.de\/index.php?rest_route=\/wp\/v2\/types\/post"}],"author":[{"embeddable":true,"href":"https:\/\/huerther-bruecke.de\/index.php?rest_route=\/wp\/v2\/users\/1"}],"replies":[{"embeddable":true,"href":"https:\/\/huerther-bruecke.de\/index.php?rest_route=%2Fwp%2Fv2%2Fcomments&post=1302"}],"version-history":[{"count":5,"href":"https:\/\/huerther-bruecke.de\/index.php?rest_route=\/wp\/v2\/posts\/1302\/revisions"}],"predecessor-version":[{"id":3050,"href":"https:\/\/huerther-bruecke.de\/index.php?rest_route=\/wp\/v2\/posts\/1302\/revisions\/3050"}],"wp:attachment":[{"href":"https:\/\/huerther-bruecke.de\/index.php?rest_route=%2Fwp%2Fv2%2Fmedia&parent=1302"}],"wp:term":[{"taxonomy":"category","embeddable":true,"href":"https:\/\/huerther-bruecke.de\/index.php?rest_route=%2Fwp%2Fv2%2Fcategories&post=1302"},{"taxonomy":"post_tag","embeddable":true,"href":"https:\/\/huerther-bruecke.de\/index.php?rest_route=%2Fwp%2Fv2%2Ftags&post=1302"}],"curies":[{"name":"wp","href":"https:\/\/api.w.org\/{rel}","templated":true}]}}