{"id":1540,"date":"2020-02-13T15:59:15","date_gmt":"2020-02-13T15:59:15","guid":{"rendered":"https:\/\/huerther-bruecke.de\/?p=1540"},"modified":"2020-02-13T15:59:16","modified_gmt":"2020-02-13T15:59:16","slug":"gegen-das-vergessen-in-huerth","status":"publish","type":"post","link":"https:\/\/huerther-bruecke.de\/?p=1540","title":{"rendered":"Gegen das Vergessen in H\u00fcrth"},"content":{"rendered":"\n<figure class=\"wp-block-image size-large\"><img loading=\"lazy\" decoding=\"async\" width=\"1024\" height=\"932\" src=\"https:\/\/huerther-bruecke.de\/wp-content\/uploads\/2020\/02\/HNWIE2792-1024x932.jpg\" alt=\"\" class=\"wp-image-1541\" srcset=\"https:\/\/huerther-bruecke.de\/wp-content\/uploads\/2020\/02\/HNWIE2792-1024x932.jpg 1024w, https:\/\/huerther-bruecke.de\/wp-content\/uploads\/2020\/02\/HNWIE2792-300x273.jpg 300w, https:\/\/huerther-bruecke.de\/wp-content\/uploads\/2020\/02\/HNWIE2792-768x699.jpg 768w, https:\/\/huerther-bruecke.de\/wp-content\/uploads\/2020\/02\/HNWIE2792.jpg 1240w\" sizes=\"auto, (max-width: 1024px) 100vw, 1024px\" \/><\/figure>\n\n\n\n<p>27.1.2020 \n<\/p>\n\n\n\n<p>Was ist ein\nStolperstein und warum hei\u00dfen die kleinen Messingplatten so, die in\nH\u00fcrth an einigen Stellen in den Boden eingelassen sind? Diese Fragen\nwaren Gegenstand einer Deutschstunde f\u00fcr Gefl\u00fcchtete, die der\nVerein H\u00fcrther Br\u00fccke der Kulturen am Jahrestag der Befreiung von\nAuschwitz gab. \n<\/p>\n\n\n\n<p>In der\nMittagszeit putzte dann eine kleine Gruppe die Gedenktafel von Karl\nLauer in Efferen. Die H\u00fcrther Br\u00fccke hat die Patenschaft f\u00fcr\ndiesen Stolperstein \u00fcbernommen. Der Verein wird ihn ab sofort\nmindestens zu Gedenktagen wie dem 27. Januar und dem 9. November\n(Erinnerung an die Pogromnacht) reinigen. Dem Vorstand ist es ein\nAnliegen, sich neben der Fl\u00fcchtlingshilfe auch gegen\nFremdenfeindlichkeit, Rassismus und Antisemitismus einzusetzen.<\/p>\n\n\n\n<p>Insgesamt sind in H\u00fcrth 32 Stolpersteine vom K\u00f6lner K\u00fcnstler Gunter Demnig verlegt worden. Sie erinnern an Menschen, die w\u00e4hrend des Nationalsozialismus verfolgt und ermordet wurden. Sie liegen jeweils an der letzten bekannten Adresse. In H\u00fcrth haben die meisten Stolpersteine Paten. Wer sich f\u00fcr eine Patenschaft interessiert, kann sich an den Stadtarchivar Michael C\u00f6ln im Rathaus wenden.<\/p>\n\n\n\n<figure class=\"wp-block-image size-large\"><img loading=\"lazy\" decoding=\"async\" width=\"1024\" height=\"768\" src=\"https:\/\/huerther-bruecke.de\/wp-content\/uploads\/2020\/02\/IMG_0943-1024x768.jpg\" alt=\"\" class=\"wp-image-1542\" srcset=\"https:\/\/huerther-bruecke.de\/wp-content\/uploads\/2020\/02\/IMG_0943-1024x768.jpg 1024w, https:\/\/huerther-bruecke.de\/wp-content\/uploads\/2020\/02\/IMG_0943-300x225.jpg 300w, https:\/\/huerther-bruecke.de\/wp-content\/uploads\/2020\/02\/IMG_0943-768x576.jpg 768w, https:\/\/huerther-bruecke.de\/wp-content\/uploads\/2020\/02\/IMG_0943-1536x1152.jpg 1536w, https:\/\/huerther-bruecke.de\/wp-content\/uploads\/2020\/02\/IMG_0943-2048x1536.jpg 2048w\" sizes=\"auto, (max-width: 1024px) 100vw, 1024px\" \/><\/figure>\n\n\n\n<figure class=\"wp-block-image size-large\"><img loading=\"lazy\" decoding=\"async\" width=\"768\" height=\"1024\" src=\"https:\/\/huerther-bruecke.de\/wp-content\/uploads\/2020\/02\/IMG_0938-768x1024.jpg\" alt=\"\" class=\"wp-image-1543\" srcset=\"https:\/\/huerther-bruecke.de\/wp-content\/uploads\/2020\/02\/IMG_0938-768x1024.jpg 768w, https:\/\/huerther-bruecke.de\/wp-content\/uploads\/2020\/02\/IMG_0938-225x300.jpg 225w, https:\/\/huerther-bruecke.de\/wp-content\/uploads\/2020\/02\/IMG_0938-1152x1536.jpg 1152w, https:\/\/huerther-bruecke.de\/wp-content\/uploads\/2020\/02\/IMG_0938-1536x2048.jpg 1536w, https:\/\/huerther-bruecke.de\/wp-content\/uploads\/2020\/02\/IMG_0938-scaled.jpg 1920w\" sizes=\"auto, (max-width: 768px) 100vw, 768px\" \/><\/figure>\n","protected":false},"excerpt":{"rendered":"<p>27.1.2020 Was ist ein Stolperstein und warum hei\u00dfen die kleinen Messingplatten so, die in H\u00fcrth an einigen Stellen in den <a class=\"more-link\" href=\"https:\/\/huerther-bruecke.de\/?p=1540\">Continue Reading<\/a><\/p>\n","protected":false},"author":1,"featured_media":0,"comment_status":"open","ping_status":"open","sticky":false,"template":"","format":"standard","meta":{"footnotes":""},"categories":[1],"tags":[],"class_list":["post-1540","post","type-post","status-publish","format-standard","hentry","category-uncategorized","no-post-thumbnail","no-read-more-tag","no-sticky","entry"],"_links":{"self":[{"href":"https:\/\/huerther-bruecke.de\/index.php?rest_route=\/wp\/v2\/posts\/1540","targetHints":{"allow":["GET"]}}],"collection":[{"href":"https:\/\/huerther-bruecke.de\/index.php?rest_route=\/wp\/v2\/posts"}],"about":[{"href":"https:\/\/huerther-bruecke.de\/index.php?rest_route=\/wp\/v2\/types\/post"}],"author":[{"embeddable":true,"href":"https:\/\/huerther-bruecke.de\/index.php?rest_route=\/wp\/v2\/users\/1"}],"replies":[{"embeddable":true,"href":"https:\/\/huerther-bruecke.de\/index.php?rest_route=%2Fwp%2Fv2%2Fcomments&post=1540"}],"version-history":[{"count":1,"href":"https:\/\/huerther-bruecke.de\/index.php?rest_route=\/wp\/v2\/posts\/1540\/revisions"}],"predecessor-version":[{"id":1544,"href":"https:\/\/huerther-bruecke.de\/index.php?rest_route=\/wp\/v2\/posts\/1540\/revisions\/1544"}],"wp:attachment":[{"href":"https:\/\/huerther-bruecke.de\/index.php?rest_route=%2Fwp%2Fv2%2Fmedia&parent=1540"}],"wp:term":[{"taxonomy":"category","embeddable":true,"href":"https:\/\/huerther-bruecke.de\/index.php?rest_route=%2Fwp%2Fv2%2Fcategories&post=1540"},{"taxonomy":"post_tag","embeddable":true,"href":"https:\/\/huerther-bruecke.de\/index.php?rest_route=%2Fwp%2Fv2%2Ftags&post=1540"}],"curies":[{"name":"wp","href":"https:\/\/api.w.org\/{rel}","templated":true}]}}