{"id":244,"date":"2019-10-04T14:04:41","date_gmt":"2019-10-04T12:04:41","guid":{"rendered":"http:\/\/info.huerther-bruecke-der-kulturen.de\/?p=244"},"modified":"2026-04-22T11:28:02","modified_gmt":"2026-04-22T11:28:02","slug":"deutschkurse","status":"publish","type":"post","link":"https:\/\/huerther-bruecke.de\/?p=244","title":{"rendered":"Deutschkurse"},"content":{"rendered":"\n<figure class=\"wp-block-image size-large\"><img loading=\"lazy\" decoding=\"async\" width=\"1024\" height=\"768\" src=\"https:\/\/huerther-bruecke.de\/wp-content\/uploads\/2020\/04\/Deutschkurs1-1024x768.jpg\" alt=\"\" class=\"wp-image-1566\" srcset=\"https:\/\/huerther-bruecke.de\/wp-content\/uploads\/2020\/04\/Deutschkurs1-1024x768.jpg 1024w, https:\/\/huerther-bruecke.de\/wp-content\/uploads\/2020\/04\/Deutschkurs1-300x225.jpg 300w, https:\/\/huerther-bruecke.de\/wp-content\/uploads\/2020\/04\/Deutschkurs1-768x576.jpg 768w, https:\/\/huerther-bruecke.de\/wp-content\/uploads\/2020\/04\/Deutschkurs1-1536x1152.jpg 1536w, https:\/\/huerther-bruecke.de\/wp-content\/uploads\/2020\/04\/Deutschkurs1.jpg 1600w\" sizes=\"auto, (max-width: 1024px) 100vw, 1024px\" \/><\/figure>\n\n\n\n<p>Die meisten Gefl\u00fcchteten haben zwar inzwischen erfahren, wie schwer und langwierig das Erlernen der deutschen Sprache ist. Sie wissen aber auch, dass nur eine gute Sprachkenntnis der Schl\u00fcssel zur Bew\u00e4ltigung ihres Alltags und zur Integration in den Arbeits\u00admarkt ist.<\/p>\n\n\n\n<p>Bereits seit Januar 2015 machen wir deshalb in unseren Vereinsr\u00e4umen in H\u00fcrth-Mitte sowie in einem st\u00e4dtischen Raum neben der AHL SCHULL in Efferen Sprach\u00ad\u00adkurs\u00adangebote f\u00fcr Gefl\u00fcchtete mit und ohne Berechti\u00adgungsschein der Beh\u00f6rden. Bei uns erh\u00e4lt der eine Chance, der wirklich lernen m\u00f6chte und sich berufliche Perspektiven er\u00f6ffnen bzw. den Familienalltag und eine Integration in Deutsch\u00adland selbst\u00adst\u00e4ndig schaffen m\u00f6chte.<\/p>\n\n\n\n<p>Das Spektrum unserer Deutschkurse reicht von Anf\u00e4nger- bis hin zu Vorbereitungskursen f\u00fcr externe Pr\u00fcfungen von B1 bis C1. Niederschwellige Kurse finden teilweise in Koope\u00adration mit dem Katholischen Bildungsforum Rhein-Erft statt. Mit der Qualifizierung einiger unserer ehrenamt\u00adlichen Lehrer zu BAMF-Dozenten und dank der Kooperation mit dem Katho\u00adlischen Bildungsforum freuen wir uns in H\u00fcrth auch Allgemeine Integra\u00adtions\u00adkurse DTZ-B1 und Orientierungs\u00adkurse zum Themenfeld \u201eLeben in Deutsch\u00adland\u201c sowie in die deutsche Kultur einf\u00fchrende Literaturkurse mit Diskussions\u00adm\u00f6glichkeit anbieten zu k\u00f6nnen.<\/p>\n\n\n\n<p>Wir lernen dialogorientiert von und miteinander, nutzen passende au\u00dferschulische Lern\u00adorte, unternehmen Ausfl\u00fcgen zu Museen und Unternehmen, diskutieren gerne und freuen uns \u00fcber den gegenseitigen Austausch. Alle Lerngruppen entwickeln rasch ein positives Gruppen\u00adge\u00adf\u00fchl! Feste wie Karneval oder Ostern werden zusammen gestaltet und vermitteln Einsichten in hiesige Gebr\u00e4uche. Auch auf eigenen Festen, bei gesellschaftsrelevanten Vortr\u00e4gen und Aktionen (z.B. gegen Gewalt und Rassis\u00admus, Schweigemarsch, Fr\u00fchlingsputzaktion H\u00fcrth) und an Gedenktagen (z.B. Aktion Stolpersteine, internationaler Frauentag) binden wir unsere Teilnehmer aktiv ein.<\/p>\n\n\n\n<p><\/p>\n","protected":false},"excerpt":{"rendered":"<p>Die meisten Gefl\u00fcchteten haben zwar inzwischen erfahren, wie schwer und langwierig das Erlernen der deutschen Sprache ist. Sie wissen aber <a class=\"more-link\" href=\"https:\/\/huerther-bruecke.de\/?p=244\">Continue Reading<\/a><\/p>\n","protected":false},"author":4,"featured_media":0,"comment_status":"closed","ping_status":"closed","sticky":false,"template":"","format":"standard","meta":{"footnotes":""},"categories":[2],"tags":[],"class_list":["post-244","post","type-post","status-publish","format-standard","hentry","category-allgemein","no-post-thumbnail","no-read-more-tag","no-sticky","entry"],"_links":{"self":[{"href":"https:\/\/huerther-bruecke.de\/index.php?rest_route=\/wp\/v2\/posts\/244","targetHints":{"allow":["GET"]}}],"collection":[{"href":"https:\/\/huerther-bruecke.de\/index.php?rest_route=\/wp\/v2\/posts"}],"about":[{"href":"https:\/\/huerther-bruecke.de\/index.php?rest_route=\/wp\/v2\/types\/post"}],"author":[{"embeddable":true,"href":"https:\/\/huerther-bruecke.de\/index.php?rest_route=\/wp\/v2\/users\/4"}],"replies":[{"embeddable":true,"href":"https:\/\/huerther-bruecke.de\/index.php?rest_route=%2Fwp%2Fv2%2Fcomments&post=244"}],"version-history":[{"count":6,"href":"https:\/\/huerther-bruecke.de\/index.php?rest_route=\/wp\/v2\/posts\/244\/revisions"}],"predecessor-version":[{"id":3055,"href":"https:\/\/huerther-bruecke.de\/index.php?rest_route=\/wp\/v2\/posts\/244\/revisions\/3055"}],"wp:attachment":[{"href":"https:\/\/huerther-bruecke.de\/index.php?rest_route=%2Fwp%2Fv2%2Fmedia&parent=244"}],"wp:term":[{"taxonomy":"category","embeddable":true,"href":"https:\/\/huerther-bruecke.de\/index.php?rest_route=%2Fwp%2Fv2%2Fcategories&post=244"},{"taxonomy":"post_tag","embeddable":true,"href":"https:\/\/huerther-bruecke.de\/index.php?rest_route=%2Fwp%2Fv2%2Ftags&post=244"}],"curies":[{"name":"wp","href":"https:\/\/api.w.org\/{rel}","templated":true}]}}