{"id":2863,"date":"2025-03-26T10:01:17","date_gmt":"2025-03-26T10:01:17","guid":{"rendered":"https:\/\/huerther-bruecke.de\/?p=2863"},"modified":"2025-03-26T10:01:18","modified_gmt":"2025-03-26T10:01:18","slug":"gemeinsames-fastenbrechen-iftar-2025","status":"publish","type":"post","link":"https:\/\/huerther-bruecke.de\/?p=2863","title":{"rendered":"Gemeinsames Fastenbrechen \/ Iftar 2025"},"content":{"rendered":"<p><img loading=\"lazy\" decoding=\"async\" class=\"size-medium wp-image-2864 aligncenter\" src=\"https:\/\/huerther-bruecke.de\/wp-content\/uploads\/2025\/03\/2025-Iftar-4-e1742982940306-300x264.jpg\" alt=\"\" width=\"300\" height=\"264\" srcset=\"https:\/\/huerther-bruecke.de\/wp-content\/uploads\/2025\/03\/2025-Iftar-4-e1742982940306-300x264.jpg 300w, https:\/\/huerther-bruecke.de\/wp-content\/uploads\/2025\/03\/2025-Iftar-4-e1742982940306-1024x901.jpg 1024w, https:\/\/huerther-bruecke.de\/wp-content\/uploads\/2025\/03\/2025-Iftar-4-e1742982940306-768x676.jpg 768w, https:\/\/huerther-bruecke.de\/wp-content\/uploads\/2025\/03\/2025-Iftar-4-e1742982940306.jpg 1500w\" sizes=\"auto, (max-width: 300px) 100vw, 300px\" \/><\/p>\n<p>Am 21. M\u00e4rz hie\u00dfen wir einer kleinen Tradition folgend Muslime und Nicht-Muslime zum gemeinsamen Fastenbrechen in unseren R\u00e4umen willkommen. Es war wieder ein herrliches multikulturelles Buffet entstanden, das am Freitagabend um genau \u2013 aber da wurde man sich zwischen den T\u00fcrken und den Syrern nicht hundertprozentig einig \u2013 also individuell zwischen 18.54 und 18.58 Uhr er\u00f6ffnet wurde.<\/p>\n<p>Das gemeinsame Mahl bot rund 40 Personen, einige wenige mit Kindern, die Gelegenheit sich auszutauschen. Wir erfuhren viele sehr erfreuliche Entwicklungen unserer Klienten, beispielsweise wenn Ausbildungen gut liefen, Pr\u00fcfungen geschafft waren oder Menschen zielstrebig \u2013 und sei es im zweiten Anlauf \u2013 ihren privaten und beruflichen Weg verfolgten. Zwei Jugendliche \u00fcberraschten uns mit ihren ausgepr\u00e4gten k\u00fcnstlerischen F\u00e4higkeiten und Ambitionen und es entstand zwischen Teilnehmern der ein oder andere Kontakt zur gegenseitigen Hilfe und zum Austausch von Erfahrungen.<\/p>\n<p>Selbstredend haben am Schluss alle mitangepackt beim Aufr\u00e4umen und Saubermachen. Keine Frage also, dass wir der Tradition des Iftar in der Br\u00fccke im n\u00e4chsten Jahr treu bleiben!<\/p>\n<div id='gallery-1' class='gallery galleryid-2863 gallery-columns-3 gallery-size-thumbnail'><figure class='gallery-item'>\n\t\t\t<div class='gallery-icon portrait'>\n\t\t\t\t<a href='https:\/\/huerther-bruecke.de\/?attachment_id=2865'><img loading=\"lazy\" decoding=\"async\" width=\"150\" height=\"150\" src=\"https:\/\/huerther-bruecke.de\/wp-content\/uploads\/2025\/03\/2025-Iftar-3-150x150.jpg\" class=\"attachment-thumbnail size-thumbnail\" alt=\"\" itemprop=\"image\" \/><\/a>\n\t\t\t<\/div><\/figure><figure class='gallery-item'>\n\t\t\t<div class='gallery-icon landscape'>\n\t\t\t\t<a href='https:\/\/huerther-bruecke.de\/?attachment_id=2866'><img loading=\"lazy\" decoding=\"async\" width=\"150\" height=\"150\" src=\"https:\/\/huerther-bruecke.de\/wp-content\/uploads\/2025\/03\/2025-Iftar-2-150x150.jpg\" class=\"attachment-thumbnail size-thumbnail\" alt=\"\" itemprop=\"image\" \/><\/a>\n\t\t\t<\/div><\/figure>\n\t\t<\/div>\n\n<p>&nbsp;<\/p>\n","protected":false},"excerpt":{"rendered":"<p>Am 21. M\u00e4rz hie\u00dfen wir einer kleinen Tradition folgend Muslime und Nicht-Muslime zum gemeinsamen Fastenbrechen in unseren R\u00e4umen willkommen. Es <a class=\"more-link\" href=\"https:\/\/huerther-bruecke.de\/?p=2863\">Continue Reading<\/a><\/p>\n","protected":false},"author":4,"featured_media":0,"comment_status":"closed","ping_status":"open","sticky":false,"template":"","format":"standard","meta":{"footnotes":""},"categories":[30],"tags":[],"class_list":["post-2863","post","type-post","status-publish","format-standard","hentry","category-neuigkeiten","no-post-thumbnail","no-read-more-tag","no-sticky","entry"],"_links":{"self":[{"href":"https:\/\/huerther-bruecke.de\/index.php?rest_route=\/wp\/v2\/posts\/2863","targetHints":{"allow":["GET"]}}],"collection":[{"href":"https:\/\/huerther-bruecke.de\/index.php?rest_route=\/wp\/v2\/posts"}],"about":[{"href":"https:\/\/huerther-bruecke.de\/index.php?rest_route=\/wp\/v2\/types\/post"}],"author":[{"embeddable":true,"href":"https:\/\/huerther-bruecke.de\/index.php?rest_route=\/wp\/v2\/users\/4"}],"replies":[{"embeddable":true,"href":"https:\/\/huerther-bruecke.de\/index.php?rest_route=%2Fwp%2Fv2%2Fcomments&post=2863"}],"version-history":[{"count":1,"href":"https:\/\/huerther-bruecke.de\/index.php?rest_route=\/wp\/v2\/posts\/2863\/revisions"}],"predecessor-version":[{"id":2867,"href":"https:\/\/huerther-bruecke.de\/index.php?rest_route=\/wp\/v2\/posts\/2863\/revisions\/2867"}],"wp:attachment":[{"href":"https:\/\/huerther-bruecke.de\/index.php?rest_route=%2Fwp%2Fv2%2Fmedia&parent=2863"}],"wp:term":[{"taxonomy":"category","embeddable":true,"href":"https:\/\/huerther-bruecke.de\/index.php?rest_route=%2Fwp%2Fv2%2Fcategories&post=2863"},{"taxonomy":"post_tag","embeddable":true,"href":"https:\/\/huerther-bruecke.de\/index.php?rest_route=%2Fwp%2Fv2%2Ftags&post=2863"}],"curies":[{"name":"wp","href":"https:\/\/api.w.org\/{rel}","templated":true}]}}