{"id":2886,"date":"2025-07-13T13:35:43","date_gmt":"2025-07-13T13:35:43","guid":{"rendered":"https:\/\/huerther-bruecke.de\/?p=2886"},"modified":"2025-07-13T13:35:43","modified_gmt":"2025-07-13T13:35:43","slug":"wir-feiern-dieses-jahr-10-jahre-huerther-bruecke-der-kulturen-e-v","status":"publish","type":"post","link":"https:\/\/huerther-bruecke.de\/?p=2886","title":{"rendered":"Wir feiern dieses Jahr \u201e10 Jahre H\u00fcrther Br\u00fccke der Kulturen e.V.\u201c"},"content":{"rendered":"<div class=\"wp-block-image\">\n<figure class=\"aligncenter\"><img loading=\"lazy\" decoding=\"async\" width=\"300\" height=\"200\" src=\"https:\/\/huerther-bruecke.de\/wp-content\/uploads\/2025\/07\/2025-Sommerfest-3-300x200.jpg\" alt=\"\" class=\"wp-image-2883\" srcset=\"https:\/\/huerther-bruecke.de\/wp-content\/uploads\/2025\/07\/2025-Sommerfest-3-300x200.jpg 300w, https:\/\/huerther-bruecke.de\/wp-content\/uploads\/2025\/07\/2025-Sommerfest-3-1024x682.jpg 1024w, https:\/\/huerther-bruecke.de\/wp-content\/uploads\/2025\/07\/2025-Sommerfest-3-768x511.jpg 768w, https:\/\/huerther-bruecke.de\/wp-content\/uploads\/2025\/07\/2025-Sommerfest-3-272x182.jpg 272w, https:\/\/huerther-bruecke.de\/wp-content\/uploads\/2025\/07\/2025-Sommerfest-3-600x400.jpg 600w, https:\/\/huerther-bruecke.de\/wp-content\/uploads\/2025\/07\/2025-Sommerfest-3.jpg 1280w\" sizes=\"auto, (max-width: 300px) 100vw, 300px\" \/><\/figure>\n<\/div>\n\n\n<p><\/p>\n\n\n\n<p>und sind noch immer kein bisschen leise, wenn es um die Belange und die Integration von Gefl\u00fcchteten in die H\u00fcrther Gesellschaft geht!<\/p>\n\n\n\n<p>Dies lobte auch unser Schirmherr B\u00fcrgermeister Dirk Breuer in seiner Ansprache anl\u00e4sslich unseres Jubil\u00e4ums auf unserem Sommerfest Anfang Juli auf dem Otto-R\u00e4cke-Platz. Der Erste Stellvertretende Landrat Bernhard Ripp betonte den besonderen Stellenwert unserer ehrenamtlichen Arbeit f\u00fcr den gesellschaftlichen Zusammenhalt in H\u00fcrth und im Rhein-Erft-Kreis.<\/p>\n\n\n\n<p>Wir freuen uns sehr, dass wir zusammen mit unseren Ehrenamtlichen und mit unseren Klienten aus den Beratungen und Deutschkursen zusammen ein so wunderbares und auch geschmacklich vielf\u00e4ltiges Fest auf die Beine stellen konnten. Die Mitmachaktion \u201eSteine bemalen\u201c fand vor allem bei den Kindern gro\u00dfen Anklang. Ein herzlicher Dank an alle Mitwirkenden!<\/p>\n\n\n\n<p>Es war ber\u00fchrend auf dem Fest auch viele unserer Klienten aus den Anfangsjahren wiederzusehen und zu erfahren, wie weit ihre private und berufliche Integration in Deutschland inzwischen gelungen ist. Erfreulicherweise waren auch zahlreiche unserer Netzwerks- und Kooperationspartner unserer Einladung gefolgt, was uns Gelegenheit zum zwanglosen Austausch bot.<\/p>\n\n\n\n<p class=\"has-text-align-center\">Unser Sommerfest wurde unterst\u00fctzt durch<\/p>\n\n\n<div class=\"wp-block-image\">\n<figure class=\"aligncenter is-resized\"><img loading=\"lazy\" decoding=\"async\" width=\"294\" height=\"114\" src=\"https:\/\/huerther-bruecke.de\/wp-content\/uploads\/2024\/07\/Rheinenergie-Logo.jpg\" alt=\"\" class=\"wp-image-2660\" style=\"width:253px;height:auto\"\/><\/figure>\n<\/div>\n\n\n<p class=\"has-text-align-center\">mit der kostenlosen Ausleihe von Mehrwegbechern.<\/p>\n\n\n\n<figure class=\"wp-block-gallery has-nested-images columns-default is-cropped wp-block-gallery-1 is-layout-flex wp-block-gallery-is-layout-flex\">\n<figure class=\"wp-block-image size-large\"><img loading=\"lazy\" decoding=\"async\" width=\"1024\" height=\"682\" data-id=\"2885\" src=\"https:\/\/huerther-bruecke.de\/wp-content\/uploads\/2025\/07\/2025-Sommerfest-2-1024x682.jpg\" alt=\"\" class=\"wp-image-2885\" srcset=\"https:\/\/huerther-bruecke.de\/wp-content\/uploads\/2025\/07\/2025-Sommerfest-2-1024x682.jpg 1024w, https:\/\/huerther-bruecke.de\/wp-content\/uploads\/2025\/07\/2025-Sommerfest-2-300x200.jpg 300w, https:\/\/huerther-bruecke.de\/wp-content\/uploads\/2025\/07\/2025-Sommerfest-2-768x511.jpg 768w, https:\/\/huerther-bruecke.de\/wp-content\/uploads\/2025\/07\/2025-Sommerfest-2-272x182.jpg 272w, https:\/\/huerther-bruecke.de\/wp-content\/uploads\/2025\/07\/2025-Sommerfest-2.jpg 1280w\" sizes=\"auto, (max-width: 1024px) 100vw, 1024px\" \/><\/figure>\n\n\n\n<figure class=\"wp-block-image size-large\"><img loading=\"lazy\" decoding=\"async\" width=\"929\" height=\"1024\" data-id=\"2879\" src=\"https:\/\/huerther-bruecke.de\/wp-content\/uploads\/2025\/07\/2025-Sommerfest-7-e1752413345270-929x1024.jpg\" alt=\"\" class=\"wp-image-2879\" srcset=\"https:\/\/huerther-bruecke.de\/wp-content\/uploads\/2025\/07\/2025-Sommerfest-7-e1752413345270-929x1024.jpg 929w, https:\/\/huerther-bruecke.de\/wp-content\/uploads\/2025\/07\/2025-Sommerfest-7-e1752413345270-272x300.jpg 272w, https:\/\/huerther-bruecke.de\/wp-content\/uploads\/2025\/07\/2025-Sommerfest-7-e1752413345270-768x847.jpg 768w, https:\/\/huerther-bruecke.de\/wp-content\/uploads\/2025\/07\/2025-Sommerfest-7-e1752413345270.jpg 1183w\" sizes=\"auto, (max-width: 929px) 100vw, 929px\" \/><\/figure>\n\n\n\n<figure class=\"wp-block-image size-large\"><img loading=\"lazy\" decoding=\"async\" width=\"1024\" height=\"1024\" data-id=\"2884\" src=\"https:\/\/huerther-bruecke.de\/wp-content\/uploads\/2025\/07\/2025-Sommerfest-1-1024x1024.jpg\" alt=\"\" class=\"wp-image-2884\" srcset=\"https:\/\/huerther-bruecke.de\/wp-content\/uploads\/2025\/07\/2025-Sommerfest-1-1024x1024.jpg 1024w, https:\/\/huerther-bruecke.de\/wp-content\/uploads\/2025\/07\/2025-Sommerfest-1-300x300.jpg 300w, https:\/\/huerther-bruecke.de\/wp-content\/uploads\/2025\/07\/2025-Sommerfest-1-150x150.jpg 150w, https:\/\/huerther-bruecke.de\/wp-content\/uploads\/2025\/07\/2025-Sommerfest-1-768x768.jpg 768w, https:\/\/huerther-bruecke.de\/wp-content\/uploads\/2025\/07\/2025-Sommerfest-1.jpg 1280w\" sizes=\"auto, (max-width: 1024px) 100vw, 1024px\" \/><\/figure>\n\n\n\n<figure class=\"wp-block-image size-large\"><img loading=\"lazy\" decoding=\"async\" width=\"1024\" height=\"778\" data-id=\"2881\" src=\"https:\/\/huerther-bruecke.de\/wp-content\/uploads\/2025\/07\/2025-Sommerfest-5-e1752413373155-1024x778.jpg\" alt=\"\" class=\"wp-image-2881\" srcset=\"https:\/\/huerther-bruecke.de\/wp-content\/uploads\/2025\/07\/2025-Sommerfest-5-e1752413373155-1024x778.jpg 1024w, https:\/\/huerther-bruecke.de\/wp-content\/uploads\/2025\/07\/2025-Sommerfest-5-e1752413373155-300x228.jpg 300w, https:\/\/huerther-bruecke.de\/wp-content\/uploads\/2025\/07\/2025-Sommerfest-5-e1752413373155-768x584.jpg 768w, https:\/\/huerther-bruecke.de\/wp-content\/uploads\/2025\/07\/2025-Sommerfest-5-e1752413373155.jpg 1280w\" sizes=\"auto, (max-width: 1024px) 100vw, 1024px\" \/><\/figure>\n\n\n\n<figure class=\"wp-block-image size-large\"><img loading=\"lazy\" decoding=\"async\" width=\"1024\" height=\"932\" data-id=\"2880\" src=\"https:\/\/huerther-bruecke.de\/wp-content\/uploads\/2025\/07\/2025-Sommerfest-6-e1752413259525-1024x932.jpg\" alt=\"\" class=\"wp-image-2880\" srcset=\"https:\/\/huerther-bruecke.de\/wp-content\/uploads\/2025\/07\/2025-Sommerfest-6-e1752413259525-1024x932.jpg 1024w, https:\/\/huerther-bruecke.de\/wp-content\/uploads\/2025\/07\/2025-Sommerfest-6-e1752413259525-300x273.jpg 300w, https:\/\/huerther-bruecke.de\/wp-content\/uploads\/2025\/07\/2025-Sommerfest-6-e1752413259525-768x699.jpg 768w, https:\/\/huerther-bruecke.de\/wp-content\/uploads\/2025\/07\/2025-Sommerfest-6-e1752413259525.jpg 1280w\" sizes=\"auto, (max-width: 1024px) 100vw, 1024px\" \/><\/figure>\n\n\n\n<figure class=\"wp-block-image size-large\"><img loading=\"lazy\" decoding=\"async\" width=\"1024\" height=\"768\" data-id=\"2882\" src=\"https:\/\/huerther-bruecke.de\/wp-content\/uploads\/2025\/07\/2025-Sommerfest-4-1024x768.jpg\" alt=\"\" class=\"wp-image-2882\" srcset=\"https:\/\/huerther-bruecke.de\/wp-content\/uploads\/2025\/07\/2025-Sommerfest-4-1024x768.jpg 1024w, https:\/\/huerther-bruecke.de\/wp-content\/uploads\/2025\/07\/2025-Sommerfest-4-300x225.jpg 300w, https:\/\/huerther-bruecke.de\/wp-content\/uploads\/2025\/07\/2025-Sommerfest-4-768x576.jpg 768w, https:\/\/huerther-bruecke.de\/wp-content\/uploads\/2025\/07\/2025-Sommerfest-4-1536x1152.jpg 1536w, https:\/\/huerther-bruecke.de\/wp-content\/uploads\/2025\/07\/2025-Sommerfest-4.jpg 1707w\" sizes=\"auto, (max-width: 1024px) 100vw, 1024px\" \/><\/figure>\n<\/figure>\n\n\n\n<p>&nbsp;<\/p>\n","protected":false},"excerpt":{"rendered":"<p>und sind noch immer kein bisschen leise, wenn es um die Belange und die Integration von Gefl\u00fcchteten in die H\u00fcrther <a class=\"more-link\" href=\"https:\/\/huerther-bruecke.de\/?p=2886\">Continue Reading<\/a><\/p>\n","protected":false},"author":4,"featured_media":0,"comment_status":"closed","ping_status":"open","sticky":false,"template":"","format":"standard","meta":{"footnotes":""},"categories":[30],"tags":[],"class_list":["post-2886","post","type-post","status-publish","format-standard","hentry","category-neuigkeiten","no-post-thumbnail","no-read-more-tag","no-sticky","entry"],"_links":{"self":[{"href":"https:\/\/huerther-bruecke.de\/index.php?rest_route=\/wp\/v2\/posts\/2886","targetHints":{"allow":["GET"]}}],"collection":[{"href":"https:\/\/huerther-bruecke.de\/index.php?rest_route=\/wp\/v2\/posts"}],"about":[{"href":"https:\/\/huerther-bruecke.de\/index.php?rest_route=\/wp\/v2\/types\/post"}],"author":[{"embeddable":true,"href":"https:\/\/huerther-bruecke.de\/index.php?rest_route=\/wp\/v2\/users\/4"}],"replies":[{"embeddable":true,"href":"https:\/\/huerther-bruecke.de\/index.php?rest_route=%2Fwp%2Fv2%2Fcomments&post=2886"}],"version-history":[{"count":4,"href":"https:\/\/huerther-bruecke.de\/index.php?rest_route=\/wp\/v2\/posts\/2886\/revisions"}],"predecessor-version":[{"id":2890,"href":"https:\/\/huerther-bruecke.de\/index.php?rest_route=\/wp\/v2\/posts\/2886\/revisions\/2890"}],"wp:attachment":[{"href":"https:\/\/huerther-bruecke.de\/index.php?rest_route=%2Fwp%2Fv2%2Fmedia&parent=2886"}],"wp:term":[{"taxonomy":"category","embeddable":true,"href":"https:\/\/huerther-bruecke.de\/index.php?rest_route=%2Fwp%2Fv2%2Fcategories&post=2886"},{"taxonomy":"post_tag","embeddable":true,"href":"https:\/\/huerther-bruecke.de\/index.php?rest_route=%2Fwp%2Fv2%2Ftags&post=2886"}],"curies":[{"name":"wp","href":"https:\/\/api.w.org\/{rel}","templated":true}]}}