{"id":495,"date":"2019-10-06T11:12:48","date_gmt":"2019-10-06T09:12:48","guid":{"rendered":"http:\/\/info.huerther-bruecke-der-kulturen.de\/?p=495"},"modified":"2019-10-06T11:12:48","modified_gmt":"2019-10-06T09:12:48","slug":"landtagsbesuch","status":"publish","type":"post","link":"https:\/\/huerther-bruecke.de\/?p=495","title":{"rendered":"Landtagsbesuch"},"content":{"rendered":"\n<h3 class=\"wp-block-heading\">Treffen mit Frank Rock im D\u00fcsseldorfer Landtag<\/h3>\n\n\n\n<p>01.10.2019<\/p>\n\n\n\n<p>Viele Gefl\u00fcchtete lernen bei der H\u00fcrther Br\u00fccke nicht nur Deutsch, sondern erfahren au\u00dferdem in unseren \u201eLeben in Deutschland\u201c-Kursen und bei thematischen Exkursionen Allerlei rund um unser Rechts-, Politik- und Gesellschaftssystem.<\/p>\n\n\n\n<p>Anfang Oktober gab es f\u00fcr 17 Gefl\u00fcchtete aus 11 verschiedenen L\u00e4ndern die Gelegenheit, Politik in Nordrhein-Westfalen hautnah zu erleben: Bei einem nachmitt\u00e4glichen Ausflug zum Landtag NRW in D\u00fcsseldorf bestaunten sie bei einer F\u00fchrung die elegante und symboltr\u00e4chtige Architektur des Landtagsgeb\u00e4udes und trafen anschlie\u00dfend zu einer Fragestunde den Landtagsabgeordneten Frank Rock aus H\u00fcrth. Er begr\u00fc\u00dfte die Teilnehmer mit sichtlichem Interesse pers\u00f6nlich, so dass diese in ungezwungener Runde Fragen stellen konnten \u2013 was sie ungeachtet einiger sprachlicher Schwierigkeiten auch lebhaft und interessiert taten.<\/p>\n\n\n\n<p>Nat\u00fcrlich brachten die Teilnehmer sie unmittelbar betreffende Missst\u00e4nde als erstes zur Sprache, wie die desolate Wohnsituation in H\u00fcrth durch den Mangel an finanzierbaren Wohnungen sowie die sehr unbefriedigenden Abl\u00e4ufe bei Arbeits- und Ausbildungsgenehmigungen seitens der Ausl\u00e4nderbeh\u00f6rde in Bergheim. Dies bedauerte Frank Rock sehr und wies darauf hin, dass in H\u00fcrth bereits Sozialwohnungen im Bau seien und bei der Ausl\u00e4nderbeh\u00f6rde ein starker Druck durch Personalmangel herrsche. Regionale Unterschiede bei der Auslegung des Ermessensspielraums von gesetzlichen Regelungen der Ausl\u00e4nderbeh\u00f6rden im Erftkreis und in K\u00f6ln wurden in diesem Zusammenhang ebenfalls thematisiert und Herrn Rock ein schriftlich dokumentiertes Fallbeispiel versprochen.<\/p>\n\n\n\n<p>Die dr\u00e4ngende Frage, warum Deutschland Waffen in Krisenl\u00e4nder, sprich auch in die Heimatl\u00e4nder der Gefl\u00fcchteten verkaufe, wurde ebenfalls angesprochen. Frank Rock erkl\u00e4rte, dies sei zwar laut strenger Gesetze grunds\u00e4tzlich illegal, doch leider g\u00e4be es immer wieder Wege \u2026<\/p>\n\n\n\n<p>Die meisten Fragen gab es aber zu regionalpolitischen Themen wie zu Wahlen in NRW, der Arbeit von Abgeordneten, der Bedeutung der Abstimmungsmethode \u201eHammelsprung\u201c sowie zur Bundesstaatlichkeit und den regionalen Identit\u00e4ten. In der mittlerweile sehr ungezwungenen Atmosph\u00e4re wollten die Teilnehmer auch wissen, warum Rock denn seinen Schulleiterposten in H\u00fcrth zugunsten der Politik in D\u00fcsseldorf aufgegeben habe und wie er mit dem Stress dieses Jobs zurechtk\u00e4me und \u00fcberhaupt noch Privatleben vom Beruflichen trennen k\u00f6nne. Frank Rock gab bereitwillig Auskunft.<\/p>\n\n\n\n<p>Nach dieser lebhaften Fragestunde, die mit einer halben Stunde \u00dcberziehung ihrem Nabmen nicht mehr ganz gerecht wurde, res\u00fcmierte Herr Rock angetan: \u201eGar kein Problem. Das Gespr\u00e4ch mit Ihnen war spannender als alle anderen, die ich heute gef\u00fchrt habe.\u201c<\/p>\n\n\n\n<p>Die Exkursion war m\u00f6glich geworden, weil die H\u00fcrther Br\u00fccke vom Landesministerium f\u00fcr Heimat NRW eine Zuwendung aus dem Programm \u201eHeimat.Zukunft.NRW.\u201c erhalten hatte. Die Gefl\u00fcchteten setzen sich derzeit im Rahmen dieses Projekts in mehreren Aktionen perspektivisch mit ihrer neuen Heimat H\u00fcrth in Nordrhein-Westfalen auseinander.  <\/p>\n\n\n\n<div class=\"alignnormal\"><div id=\"metaslider-id-891\" style=\"width: 100%;\" class=\"ml-slider-3-108-0 metaslider metaslider-flex metaslider-891 ml-slider has-dots-nav ms-theme-default\" role=\"region\" aria-label=\"Landtag\" data-height=\"300\" data-width=\"700\">\n    <div id=\"metaslider_container_891\">\n        <div id=\"metaslider_891\">\n            <ul class='slides'>\n                <li style=\"display: block; width: 100%;\" class=\"slide-892 ms-image \" aria-roledescription=\"slide\" data-date=\"2019-10-29 19:08:05\" data-filename=\"Landtag6-700x300.jpg\" data-slide-type=\"image\"><img loading=\"lazy\" decoding=\"async\" src=\"https:\/\/huerther-bruecke.de\/wp-content\/uploads\/2019\/10\/Landtag6-700x300.jpg\" height=\"300\" width=\"700\" alt=\"\" class=\"slider-891 slide-892 msDefaultImage\" title=\"Landtag6\" \/><\/li>\n                <li style=\"display: none; width: 100%;\" class=\"slide-893 ms-image \" aria-roledescription=\"slide\" data-date=\"2019-10-29 19:08:27\" data-filename=\"Landtag5-700x300.jpg\" data-slide-type=\"image\"><img loading=\"lazy\" decoding=\"async\" src=\"https:\/\/huerther-bruecke.de\/wp-content\/uploads\/2019\/10\/Landtag5-700x300.jpg\" height=\"300\" width=\"700\" alt=\"\" class=\"slider-891 slide-893 msDefaultImage\" title=\"Landtag5\" \/><\/li>\n            <\/ul>\n        <\/div>\n        \n    <\/div>\n<\/div><\/div>\n","protected":false},"excerpt":{"rendered":"<p>Treffen mit Frank Rock im D\u00fcsseldorfer Landtag 01.10.2019 Viele Gefl\u00fcchtete lernen bei der H\u00fcrther Br\u00fccke nicht nur Deutsch, sondern erfahren <a class=\"more-link\" href=\"https:\/\/huerther-bruecke.de\/?p=495\">Continue Reading<\/a><\/p>\n","protected":false},"author":1,"featured_media":357,"comment_status":"closed","ping_status":"closed","sticky":false,"template":"","format":"standard","meta":{"footnotes":""},"categories":[2],"tags":[],"class_list":["post-495","post","type-post","status-publish","format-standard","has-post-thumbnail","hentry","category-allgemein","no-read-more-tag","no-sticky","entry"],"_links":{"self":[{"href":"https:\/\/huerther-bruecke.de\/index.php?rest_route=\/wp\/v2\/posts\/495","targetHints":{"allow":["GET"]}}],"collection":[{"href":"https:\/\/huerther-bruecke.de\/index.php?rest_route=\/wp\/v2\/posts"}],"about":[{"href":"https:\/\/huerther-bruecke.de\/index.php?rest_route=\/wp\/v2\/types\/post"}],"author":[{"embeddable":true,"href":"https:\/\/huerther-bruecke.de\/index.php?rest_route=\/wp\/v2\/users\/1"}],"replies":[{"embeddable":true,"href":"https:\/\/huerther-bruecke.de\/index.php?rest_route=%2Fwp%2Fv2%2Fcomments&post=495"}],"version-history":[{"count":0,"href":"https:\/\/huerther-bruecke.de\/index.php?rest_route=\/wp\/v2\/posts\/495\/revisions"}],"wp:featuredmedia":[{"embeddable":true,"href":"https:\/\/huerther-bruecke.de\/index.php?rest_route=\/"}],"wp:attachment":[{"href":"https:\/\/huerther-bruecke.de\/index.php?rest_route=%2Fwp%2Fv2%2Fmedia&parent=495"}],"wp:term":[{"taxonomy":"category","embeddable":true,"href":"https:\/\/huerther-bruecke.de\/index.php?rest_route=%2Fwp%2Fv2%2Fcategories&post=495"},{"taxonomy":"post_tag","embeddable":true,"href":"https:\/\/huerther-bruecke.de\/index.php?rest_route=%2Fwp%2Fv2%2Ftags&post=495"}],"curies":[{"name":"wp","href":"https:\/\/api.w.org\/{rel}","templated":true}]}}